{"id":674,"date":"2019-02-08T20:14:36","date_gmt":"2019-02-08T19:14:36","guid":{"rendered":"http:\/\/www.photoclubperignat-allier.com\/?p=674"},"modified":"2019-02-08T20:14:36","modified_gmt":"2019-02-08T19:14:36","slug":"8eme-salon-national-dart-photographique-de-perignat-sur-allier","status":"publish","type":"post","link":"http:\/\/www.photoclubperignat-allier.com\/?p=674","title":{"rendered":"8\u00e8me salon national d&rsquo;art photographique de P\u00e9rignat-sur-Allier"},"content":{"rendered":"\n<p> 8\u00e8me salon national d&rsquo;art photographique de P\u00e9rignat-sur-Allier<br>Exposition du 23 f\u00e9vrier au 03 mars 2019. <\/p>\n\n\n\n<figure class=\"wp-block-image\"><img decoding=\"async\" loading=\"lazy\" width=\"679\" height=\"960\" src=\"http:\/\/www.photoclubperignat-allier.com\/wp-content\/uploads\/2019\/02\/affiche_2019.jpg\" alt=\"\" class=\"wp-image-675\" srcset=\"http:\/\/www.photoclubperignat-allier.com\/wp-content\/uploads\/2019\/02\/affiche_2019.jpg 679w, http:\/\/www.photoclubperignat-allier.com\/wp-content\/uploads\/2019\/02\/affiche_2019-212x300.jpg 212w\" sizes=\"(max-width: 679px) 100vw, 679px\" \/><\/figure>\n","protected":false},"excerpt":{"rendered":"<p>8\u00e8me salon national d&rsquo;art photographique de P\u00e9rignat-sur-AllierExposition du 23 f\u00e9vrier au 03 mars 2019.<\/p>\n","protected":false},"author":1,"featured_media":0,"comment_status":"closed","ping_status":"open","sticky":false,"template":"","format":"standard","meta":[],"categories":[1],"tags":[],"_links":{"self":[{"href":"http:\/\/www.photoclubperignat-allier.com\/index.php?rest_route=\/wp\/v2\/posts\/674"}],"collection":[{"href":"http:\/\/www.photoclubperignat-allier.com\/index.php?rest_route=\/wp\/v2\/posts"}],"about":[{"href":"http:\/\/www.photoclubperignat-allier.com\/index.php?rest_route=\/wp\/v2\/types\/post"}],"author":[{"embeddable":true,"href":"http:\/\/www.photoclubperignat-allier.com\/index.php?rest_route=\/wp\/v2\/users\/1"}],"replies":[{"embeddable":true,"href":"http:\/\/www.photoclubperignat-allier.com\/index.php?rest_route=%2Fwp%2Fv2%2Fcomments&post=674"}],"version-history":[{"count":1,"href":"http:\/\/www.photoclubperignat-allier.com\/index.php?rest_route=\/wp\/v2\/posts\/674\/revisions"}],"predecessor-version":[{"id":676,"href":"http:\/\/www.photoclubperignat-allier.com\/index.php?rest_route=\/wp\/v2\/posts\/674\/revisions\/676"}],"wp:attachment":[{"href":"http:\/\/www.photoclubperignat-allier.com\/index.php?rest_route=%2Fwp%2Fv2%2Fmedia&parent=674"}],"wp:term":[{"taxonomy":"category","embeddable":true,"href":"http:\/\/www.photoclubperignat-allier.com\/index.php?rest_route=%2Fwp%2Fv2%2Fcategories&post=674"},{"taxonomy":"post_tag","embeddable":true,"href":"http:\/\/www.photoclubperignat-allier.com\/index.php?rest_route=%2Fwp%2Fv2%2Ftags&post=674"}],"curies":[{"name":"wp","href":"https:\/\/api.w.org\/{rel}","templated":true}]}}