{"id":454,"date":"2016-11-13T18:14:48","date_gmt":"2016-11-13T17:14:48","guid":{"rendered":"http:\/\/www.photoclubperignat-allier.com\/?p=454"},"modified":"2016-11-19T13:26:04","modified_gmt":"2016-11-19T12:26:04","slug":"bio-01","status":"publish","type":"post","link":"http:\/\/www.photoclubperignat-allier.com\/?p=454","title":{"rendered":"Bio Alain JEAN-BAPTISTE &#8211; Juge 03 &#8211; 2017"},"content":{"rendered":"<p><img decoding=\"async\" loading=\"lazy\" class=\"alignleft wp-image-456 size-thumbnail\" src=\"http:\/\/www.photoclubperignat-allier.com\/wp-content\/uploads\/2016\/11\/ajb-150x150.jpg\" alt=\"ajb\" width=\"150\" height=\"150\" \/><strong>Alain JEAN-BAPTISTE<br \/>\n<\/strong>n\u00e9 le 09\/11\/1944 dans la Ni\u00e8vre<\/p>\n<p><strong><u>Parcours Professionnel :<br \/>\n<\/u><\/strong>\u00a0\u00a0\u00a0\u00a0\u00a0\u00a0\u00a0\u00a0 Photographe au CRDP<\/p>\n<p><strong><u>Expositions personnelles<\/u><\/strong><br \/>\nParticipation \u00e0 de nombreuses expositions, quelques extraits sur le site\u00a0 <a href=\"http:\/\/jbphotopassion.com\" target=\"_blank\">http:\/\/jbphotopassion.com<\/a><\/p>\n<p><u>Ouvrages:<br \/>\n<\/u>\u00a0\u00a0 Photos pour plusieurs ouvrages : Tr\u00e9sors d&rsquo;Auvergne, Tr\u00e9sors du Berry, Villes et Villages, Gens de la Ville, Au fil de l&rsquo;eau l&rsquo;Allier, Au fil de l&rsquo;eau la Sa\u00f4ne<\/p>\n<p>En pr\u00e9paration : un livre sur le Beaujolais<\/p>\n<p>&nbsp;<\/p>\n","protected":false},"excerpt":{"rendered":"<p>Alain JEAN-BAPTISTE n\u00e9 le 09\/11\/1944 dans la Ni\u00e8vre Parcours Professionnel : \u00a0\u00a0\u00a0\u00a0\u00a0\u00a0\u00a0\u00a0 Photographe au CRDP Expositions personnelles Participation \u00e0 de nombreuses expositions, quelques extraits sur le site\u00a0 http:\/\/jbphotopassion.com Ouvrages: \u00a0\u00a0 Photos pour plusieurs ouvrages : Tr\u00e9sors d&rsquo;Auvergne, Tr\u00e9sors du Berry, Villes et Villages, Gens de la Ville, Au fil de l&rsquo;eau l&rsquo;Allier, Au fil de &hellip; <a href=\"http:\/\/www.photoclubperignat-allier.com\/?p=454\" class=\"more-link\">Continuer la lecture de <span class=\"screen-reader-text\">Bio Alain JEAN-BAPTISTE &#8211; Juge 03 &#8211; 2017<\/span>  <span class=\"meta-nav\">&rarr;<\/span><\/a><\/p>\n","protected":false},"author":1,"featured_media":0,"comment_status":"closed","ping_status":"open","sticky":false,"template":"","format":"standard","meta":[],"categories":[6],"tags":[],"_links":{"self":[{"href":"http:\/\/www.photoclubperignat-allier.com\/index.php?rest_route=\/wp\/v2\/posts\/454"}],"collection":[{"href":"http:\/\/www.photoclubperignat-allier.com\/index.php?rest_route=\/wp\/v2\/posts"}],"about":[{"href":"http:\/\/www.photoclubperignat-allier.com\/index.php?rest_route=\/wp\/v2\/types\/post"}],"author":[{"embeddable":true,"href":"http:\/\/www.photoclubperignat-allier.com\/index.php?rest_route=\/wp\/v2\/users\/1"}],"replies":[{"embeddable":true,"href":"http:\/\/www.photoclubperignat-allier.com\/index.php?rest_route=%2Fwp%2Fv2%2Fcomments&post=454"}],"version-history":[{"count":4,"href":"http:\/\/www.photoclubperignat-allier.com\/index.php?rest_route=\/wp\/v2\/posts\/454\/revisions"}],"predecessor-version":[{"id":480,"href":"http:\/\/www.photoclubperignat-allier.com\/index.php?rest_route=\/wp\/v2\/posts\/454\/revisions\/480"}],"wp:attachment":[{"href":"http:\/\/www.photoclubperignat-allier.com\/index.php?rest_route=%2Fwp%2Fv2%2Fmedia&parent=454"}],"wp:term":[{"taxonomy":"category","embeddable":true,"href":"http:\/\/www.photoclubperignat-allier.com\/index.php?rest_route=%2Fwp%2Fv2%2Fcategories&post=454"},{"taxonomy":"post_tag","embeddable":true,"href":"http:\/\/www.photoclubperignat-allier.com\/index.php?rest_route=%2Fwp%2Fv2%2Ftags&post=454"}],"curies":[{"name":"wp","href":"https:\/\/api.w.org\/{rel}","templated":true}]}}