{"id":405,"date":"2016-03-02T14:02:24","date_gmt":"2016-03-02T13:02:24","guid":{"rendered":"http:\/\/www.photoclubperignat-allier.com\/?p=405"},"modified":"2016-03-02T14:48:33","modified_gmt":"2016-03-02T13:48:33","slug":"405","status":"publish","type":"post","link":"http:\/\/www.photoclubperignat-allier.com\/?p=405","title":{"rendered":"Prix du public 2016"},"content":{"rendered":"<p><img decoding=\"async\" loading=\"lazy\" class=\"alignnone wp-image-399 size-full\" src=\"http:\/\/www.photoclubperignat-allier.com\/wp-content\/uploads\/2016\/03\/PRIX-DU-PUBLIC-Garcia-Dominik-sur-le-chemin-du-retour.jpg\" alt=\"PRIX DU PUBLIC Garcia Dominik sur le chemin du retour\" width=\"640\" height=\"427\" srcset=\"http:\/\/www.photoclubperignat-allier.com\/wp-content\/uploads\/2016\/03\/PRIX-DU-PUBLIC-Garcia-Dominik-sur-le-chemin-du-retour.jpg 640w, http:\/\/www.photoclubperignat-allier.com\/wp-content\/uploads\/2016\/03\/PRIX-DU-PUBLIC-Garcia-Dominik-sur-le-chemin-du-retour-300x200.jpg 300w\" sizes=\"(max-width: 640px) 100vw, 640px\" \/><\/p>\n<p><span id=\"fbPhotoSnowliftCaption\" class=\"fbPhotosPhotoCaption\" tabindex=\"0\" data-ft=\"{&quot;tn&quot;:&quot;K&quot;}\"><span class=\"hasCaption\">&#8212;&#8212;&#8212;&#8212;&#8212;&#8212;&#8212;&#8212;&#8211;<wbr \/>&#8212;&#8212;&#8212;&#8212;&#8212;-<br \/>\nPrix du public 2016<br \/>\n&#8212;&#8212;&#8212;&#8212;&#8212;&#8212;&#8212;&#8212;&#8211;<wbr \/>&#8212;&#8212;&#8212;&#8212;&#8212;-<br \/>\nBravo \u00e0 Dominik Garcia pour sa photo \u00ab\u00a0Sur le chemin du retour\u00a0\u00bb qui a remport\u00e9 le vote et le prix du public du concours d&rsquo;art photographique de P\u00e9rignat-sur Allier 2016.<br \/>\nF\u00e9licitations.<\/span><\/span><\/p>\n","protected":false},"excerpt":{"rendered":"<p>&#8212;&#8212;&#8212;&#8212;&#8212;&#8212;&#8212;&#8212;&#8211;&#8212;&#8212;&#8212;&#8212;&#8212;- Prix du public 2016 &#8212;&#8212;&#8212;&#8212;&#8212;&#8212;&#8212;&#8212;&#8211;&#8212;&#8212;&#8212;&#8212;&#8212;- Bravo \u00e0 Dominik Garcia pour sa photo \u00ab\u00a0Sur le chemin du retour\u00a0\u00bb qui a remport\u00e9 le vote et le prix du public du concours d&rsquo;art photographique de P\u00e9rignat-sur Allier 2016. F\u00e9licitations.<\/p>\n","protected":false},"author":1,"featured_media":0,"comment_status":"closed","ping_status":"open","sticky":false,"template":"","format":"standard","meta":[],"categories":[4,1],"tags":[],"_links":{"self":[{"href":"http:\/\/www.photoclubperignat-allier.com\/index.php?rest_route=\/wp\/v2\/posts\/405"}],"collection":[{"href":"http:\/\/www.photoclubperignat-allier.com\/index.php?rest_route=\/wp\/v2\/posts"}],"about":[{"href":"http:\/\/www.photoclubperignat-allier.com\/index.php?rest_route=\/wp\/v2\/types\/post"}],"author":[{"embeddable":true,"href":"http:\/\/www.photoclubperignat-allier.com\/index.php?rest_route=\/wp\/v2\/users\/1"}],"replies":[{"embeddable":true,"href":"http:\/\/www.photoclubperignat-allier.com\/index.php?rest_route=%2Fwp%2Fv2%2Fcomments&post=405"}],"version-history":[{"count":5,"href":"http:\/\/www.photoclubperignat-allier.com\/index.php?rest_route=\/wp\/v2\/posts\/405\/revisions"}],"predecessor-version":[{"id":416,"href":"http:\/\/www.photoclubperignat-allier.com\/index.php?rest_route=\/wp\/v2\/posts\/405\/revisions\/416"}],"wp:attachment":[{"href":"http:\/\/www.photoclubperignat-allier.com\/index.php?rest_route=%2Fwp%2Fv2%2Fmedia&parent=405"}],"wp:term":[{"taxonomy":"category","embeddable":true,"href":"http:\/\/www.photoclubperignat-allier.com\/index.php?rest_route=%2Fwp%2Fv2%2Fcategories&post=405"},{"taxonomy":"post_tag","embeddable":true,"href":"http:\/\/www.photoclubperignat-allier.com\/index.php?rest_route=%2Fwp%2Fv2%2Ftags&post=405"}],"curies":[{"name":"wp","href":"https:\/\/api.w.org\/{rel}","templated":true}]}}