{"id":339,"date":"2016-02-08T13:47:19","date_gmt":"2016-02-08T12:47:19","guid":{"rendered":"http:\/\/www.photoclubperignat-allier.com\/?p=339"},"modified":"2016-03-02T23:49:40","modified_gmt":"2016-03-02T22:49:40","slug":"entretien-avec-gilbert-sinegre-president-du-jury-2016-concours-de-perignat-sur-allier","status":"publish","type":"post","link":"http:\/\/www.photoclubperignat-allier.com\/?p=339","title":{"rendered":"Entretien avec Gilbert Sin\u00e8gre &#8211; Pr\u00e9sident du jury 2016 &#8211; Concours de P\u00e9rignat-sur-Allier"},"content":{"rendered":"<p><a href=\"https:\/\/www.youtube.com\/watch?v=lm9ZcUQsWcA\" target=\"_blank\"><img decoding=\"async\" loading=\"lazy\" class=\"size-full wp-image-340 aligncenter\" src=\"http:\/\/www.photoclubperignat-allier.com\/wp-content\/uploads\/2016\/02\/vignette_gilbert_sinegre.jpg\" alt=\"Gilbert Sinegre\" width=\"300\" height=\"169\" \/><\/a><\/p>\n","protected":false},"excerpt":{"rendered":"","protected":false},"author":1,"featured_media":0,"comment_status":"closed","ping_status":"open","sticky":false,"template":"","format":"standard","meta":[],"categories":[4],"tags":[],"_links":{"self":[{"href":"http:\/\/www.photoclubperignat-allier.com\/index.php?rest_route=\/wp\/v2\/posts\/339"}],"collection":[{"href":"http:\/\/www.photoclubperignat-allier.com\/index.php?rest_route=\/wp\/v2\/posts"}],"about":[{"href":"http:\/\/www.photoclubperignat-allier.com\/index.php?rest_route=\/wp\/v2\/types\/post"}],"author":[{"embeddable":true,"href":"http:\/\/www.photoclubperignat-allier.com\/index.php?rest_route=\/wp\/v2\/users\/1"}],"replies":[{"embeddable":true,"href":"http:\/\/www.photoclubperignat-allier.com\/index.php?rest_route=%2Fwp%2Fv2%2Fcomments&post=339"}],"version-history":[{"count":3,"href":"http:\/\/www.photoclubperignat-allier.com\/index.php?rest_route=\/wp\/v2\/posts\/339\/revisions"}],"predecessor-version":[{"id":343,"href":"http:\/\/www.photoclubperignat-allier.com\/index.php?rest_route=\/wp\/v2\/posts\/339\/revisions\/343"}],"wp:attachment":[{"href":"http:\/\/www.photoclubperignat-allier.com\/index.php?rest_route=%2Fwp%2Fv2%2Fmedia&parent=339"}],"wp:term":[{"taxonomy":"category","embeddable":true,"href":"http:\/\/www.photoclubperignat-allier.com\/index.php?rest_route=%2Fwp%2Fv2%2Fcategories&post=339"},{"taxonomy":"post_tag","embeddable":true,"href":"http:\/\/www.photoclubperignat-allier.com\/index.php?rest_route=%2Fwp%2Fv2%2Ftags&post=339"}],"curies":[{"name":"wp","href":"https:\/\/api.w.org\/{rel}","templated":true}]}}