{"id":320,"date":"2016-01-30T03:58:50","date_gmt":"2016-01-30T02:58:50","guid":{"rendered":"http:\/\/www.photoclubperignat-allier.com\/?p=320"},"modified":"2016-02-19T08:56:25","modified_gmt":"2016-02-19T07:56:25","slug":"conference-la-photographie-humaniste","status":"publish","type":"post","link":"http:\/\/www.photoclubperignat-allier.com\/?p=320","title":{"rendered":"Conf\u00e9rence &#8211; La photographie Humaniste"},"content":{"rendered":"<p>\u00ab\u00a0La photographie dite Humaniste a fait beaucoup pour la renomm\u00e9e de l\u2019expression artistique photographique fran\u00e7aise, en attirant de surcro\u00eet nombre de preneurs d\u2019images de l\u2019Europe enti\u00e8re et des Etats-Unis. La conf\u00e9rence a pour objet de comprendre comment ce courant a \u00e9merg\u00e9, s\u2019est d\u00e9velopp\u00e9\u00a0 ; il s\u2019agit surtout de conna\u00eetre quels en sont les principaux acteurs et les principales caract\u00e9ristiques de leurs clich\u00e9s, dont beaucoup ont fait le tour du monde et sont encore vendus sous formes d\u2019albums, de cartes postales, associ\u00e9s surtout aux modes de vie parisiens et de la France des ann\u00e9es 30 au d\u00e9but des ann\u00e9es 60. Les expositions consacr\u00e9es aux photographes humanistes rencontrent toujours un grand succ\u00e8s, \u00e0 l\u2019instar des peintres impressionnistes\u00a0: les Doisneau, Ronis, Cartier-Bresson, Iziz sont reconnus et connus pour leur talent, mais ce courant est aussi port\u00e9 par des photographes qui ont rencontr\u00e9 moins d\u2019audience bien qu\u2019ayant largement contribu\u00e9 \u00e0 v\u00e9hiculer une certaine id\u00e9e des rapports sociaux, du monde du travail, de la sociabilit\u00e9, d\u2019une France qu\u2019il ne s\u2019agit pas de revisiter avec nostalgie, mais comme un ensemble de t\u00e9moignages visuels qui nous donnent mieux \u00e0 comprendre une soci\u00e9t\u00e9 et son \u00e9poque. La photographie est Humaniste quand elle place l\u2019Homme au centre de ses images, en conf\u00e9rant l\u2019id\u00e9e d\u2019un monde fraternel, solidaire, et aimant la vie.\u00a0 C\u2019est ce que ces g\u00e9n\u00e9rations de photographes ont pr\u00e9cis\u00e9ment r\u00e9ussi \u00e0 transmettre\u00bb.<\/p>\n<p><a href=\"http:\/\/www.photoclubperignat-allier.com\/?page_id=313\">Jean-Pierre Lauby<\/a><\/p>\n<p>Un travail de <a href=\"http:\/\/www.photoclubperignat-allier.com\/?page_id=313\">Jean-Pierre Lauby<\/a> pr\u00e9sent\u00e9 par <a href=\"http:\/\/www.photoclubperignat-allier.com\/?page_id=311\">Alain Jean-Baptiste <\/a><\/p>\n<p><strong>Samedi 20\/02\/2015 &#8211; 18h00 &#8211; P\u00e9rignat-sur-Allier<\/strong><\/p>\n","protected":false},"excerpt":{"rendered":"<p>\u00ab\u00a0La photographie dite Humaniste a fait beaucoup pour la renomm\u00e9e de l\u2019expression artistique photographique fran\u00e7aise, en attirant de surcro\u00eet nombre de preneurs d\u2019images de l\u2019Europe enti\u00e8re et des Etats-Unis. La conf\u00e9rence a pour objet de comprendre comment ce courant a \u00e9merg\u00e9, s\u2019est d\u00e9velopp\u00e9\u00a0 ; il s\u2019agit surtout de conna\u00eetre quels en sont les principaux acteurs &hellip; <a href=\"http:\/\/www.photoclubperignat-allier.com\/?p=320\" class=\"more-link\">Continuer la lecture de <span class=\"screen-reader-text\">Conf\u00e9rence &#8211; La photographie Humaniste<\/span>  <span class=\"meta-nav\">&rarr;<\/span><\/a><\/p>\n","protected":false},"author":1,"featured_media":0,"comment_status":"closed","ping_status":"open","sticky":false,"template":"","format":"standard","meta":[],"categories":[7],"tags":[],"_links":{"self":[{"href":"http:\/\/www.photoclubperignat-allier.com\/index.php?rest_route=\/wp\/v2\/posts\/320"}],"collection":[{"href":"http:\/\/www.photoclubperignat-allier.com\/index.php?rest_route=\/wp\/v2\/posts"}],"about":[{"href":"http:\/\/www.photoclubperignat-allier.com\/index.php?rest_route=\/wp\/v2\/types\/post"}],"author":[{"embeddable":true,"href":"http:\/\/www.photoclubperignat-allier.com\/index.php?rest_route=\/wp\/v2\/users\/1"}],"replies":[{"embeddable":true,"href":"http:\/\/www.photoclubperignat-allier.com\/index.php?rest_route=%2Fwp%2Fv2%2Fcomments&post=320"}],"version-history":[{"count":3,"href":"http:\/\/www.photoclubperignat-allier.com\/index.php?rest_route=\/wp\/v2\/posts\/320\/revisions"}],"predecessor-version":[{"id":324,"href":"http:\/\/www.photoclubperignat-allier.com\/index.php?rest_route=\/wp\/v2\/posts\/320\/revisions\/324"}],"wp:attachment":[{"href":"http:\/\/www.photoclubperignat-allier.com\/index.php?rest_route=%2Fwp%2Fv2%2Fmedia&parent=320"}],"wp:term":[{"taxonomy":"category","embeddable":true,"href":"http:\/\/www.photoclubperignat-allier.com\/index.php?rest_route=%2Fwp%2Fv2%2Fcategories&post=320"},{"taxonomy":"post_tag","embeddable":true,"href":"http:\/\/www.photoclubperignat-allier.com\/index.php?rest_route=%2Fwp%2Fv2%2Ftags&post=320"}],"curies":[{"name":"wp","href":"https:\/\/api.w.org\/{rel}","templated":true}]}}